{"id":5534,"date":"2025-04-07T22:00:56","date_gmt":"2025-04-07T20:00:56","guid":{"rendered":"https:\/\/mhak.de\/?p=5534"},"modified":"2025-08-22T17:33:28","modified_gmt":"2025-08-22T15:33:28","slug":"april-vortragdie-jugoslawien-kriege-1991-1999","status":"publish","type":"post","link":"https:\/\/mhak.de\/?p=5534","title":{"rendered":"<u>April-Vortrag:<\/u><\/br>Die Jugoslawien-Kriege 1991-1999"},"content":{"rendered":"<p>Am Montag, den 7. April 2025 hielt <strong>Herr Oberst a.D. Henning F\u00f6ls<\/strong> im Hotel G\u00f6rres in Villip den o.a. Vortrag.<\/p>\n<hr>\n<p> 1. Der Balkan hatte infolge der Jahrhunderte dauernden T\u00fcrkenherrschaft den Anschluss an<br \/>\nMitteleuropa verloren und ist bis heute wegen seiner ungel\u00f6sten ethnischen Konflikte Europas<br \/>\nKrisenregion geblieben. <\/p>\n<p>2. Nach dem Tod des jugoslawischen Staatspr\u00e4sidenten Tito (1980) gewannen zentrifugale<br \/>\nKr\u00e4fte die \u00dcberhand. Anfang der 90er Jahre zerfiel der Vielv\u00f6lkerstaat: Die ethnischen<br \/>\nSpannungen entluden sich in einer Reihe von Kriegen, die erst durch internationales<br \/>\nmilit\u00e4risches Eingreifen und eine anhaltende multinationale Truppenpr\u00e4senz einged\u00e4mmt<br \/>\nwerden konnten.<\/p>\n<p> 3. Zu den Jugoslawien-Kriegen werden der Slowenien-Krieg (1991), der Kroatien-Krieg (1991<br \/>\n1995), der Bosnien-Krieg (1992-1995) und der Kosovo-Krieg (1999) gez\u00e4hlt. Alle vier Kriege<br \/>\nwurden durch das Hegemonialstreben Serbiens ausgel\u00f6st. In diesen Kriegen kam es zu<br \/>\nV\u00f6lkermorden, Massakern und Kriegsverbrechen. Hinzu kamen mehrere Millionen Fl\u00fcchtlinge<br \/>\nund Vertriebene. Bis heute birgt die Region des ehemaligen Vielv\u00f6lkerstaates hohes Konflikt<br \/>\npotenzial.<\/p>\n<p> 4. Der Vortrag greift den historischen Faden des Balkan-Vortrages vom Dezember 2024 auf.<br \/>\n(Konfliktregion Balkan, Krisenregion Jugoslawien, Rolle Serbiens) und behandelt die<br \/>\nJugoslawien-Kriege unter besondere Ber\u00fccksichtigung der internationalen Milit\u00e4reins\u00e4tze<br \/>\nsowie der Beteiligung Deutschlands.<\/p>\n<p>Bei Interesse an dieser Veranstaltung nutzen Sie bitte unser <img loading=\"lazy\" decoding=\"async\" src=\"https:\/\/mhak.de\/wp-content\/uploads\/link.gif\" alt=\"\" title=\"link\" width=\"11\" height=\"10\" \/> <a href=\"\"https:\/\/mhak.de\/?page_id=8\"\">Kontaktformular<\/a>.&#8220;<\/p>\n","protected":false},"excerpt":{"rendered":"<p>Am Montag, den 7. April 2025 hielt Herr Oberst a.D. Henning F\u00f6ls im Hotel G\u00f6rres in Villip den o.a. Vortrag. 1. Der Balkan hatte infolge der Jahrhunderte dauernden T\u00fcrkenherrschaft den Anschluss an Mitteleuropa verloren und ist bis heute wegen seiner ungel\u00f6sten ethnischen Konflikte Europas Krisenregion geblieben. 2. Nach dem Tod des jugoslawischen Staatspr\u00e4sidenten Tito (1980) [&hellip;]<\/p>\n","protected":false},"author":1,"featured_media":0,"comment_status":"open","ping_status":"closed","sticky":false,"template":"","format":"standard","meta":{"ngg_post_thumbnail":0,"_jetpack_newsletter_access":"","_jetpack_dont_email_post_to_subs":false,"_jetpack_newsletter_tier_id":0,"_jetpack_memberships_contains_paywalled_content":false,"_jetpack_memberships_contains_paid_content":false,"footnotes":""},"categories":[297],"tags":[83,260,309],"class_list":["post-5534","post","type-post","status-publish","format-standard","hentry","category-vortraege-2025","tag-balkan","tag-jugoslawien","tag-tito"],"jetpack_featured_media_url":"","jetpack_shortlink":"https:\/\/wp.me\/p1G9BX-1rg","jetpack_sharing_enabled":true,"publishpress_future_action":{"enabled":false,"date":"2026-05-06 09:58:03","action":"change-status","newStatus":"draft","terms":[],"taxonomy":"category","extraData":[]},"publishpress_future_workflow_manual_trigger":{"enabledWorkflows":[]},"_links":{"self":[{"href":"https:\/\/mhak.de\/index.php?rest_route=\/wp\/v2\/posts\/5534","targetHints":{"allow":["GET"]}}],"collection":[{"href":"https:\/\/mhak.de\/index.php?rest_route=\/wp\/v2\/posts"}],"about":[{"href":"https:\/\/mhak.de\/index.php?rest_route=\/wp\/v2\/types\/post"}],"author":[{"embeddable":true,"href":"https:\/\/mhak.de\/index.php?rest_route=\/wp\/v2\/users\/1"}],"replies":[{"embeddable":true,"href":"https:\/\/mhak.de\/index.php?rest_route=%2Fwp%2Fv2%2Fcomments&post=5534"}],"version-history":[{"count":0,"href":"https:\/\/mhak.de\/index.php?rest_route=\/wp\/v2\/posts\/5534\/revisions"}],"wp:attachment":[{"href":"https:\/\/mhak.de\/index.php?rest_route=%2Fwp%2Fv2%2Fmedia&parent=5534"}],"wp:term":[{"taxonomy":"category","embeddable":true,"href":"https:\/\/mhak.de\/index.php?rest_route=%2Fwp%2Fv2%2Fcategories&post=5534"},{"taxonomy":"post_tag","embeddable":true,"href":"https:\/\/mhak.de\/index.php?rest_route=%2Fwp%2Fv2%2Ftags&post=5534"}],"curies":[{"name":"wp","href":"https:\/\/api.w.org\/{rel}","templated":true}]}}