{"id":5489,"date":"2025-01-08T22:39:12","date_gmt":"2025-01-08T20:39:12","guid":{"rendered":"https:\/\/mhak.de\/?p=5489"},"modified":"2025-02-18T19:38:27","modified_gmt":"2025-02-18T17:38:27","slug":"februar-vortragdas-ende-der-anderen-deutschen-marine","status":"publish","type":"post","link":"https:\/\/mhak.de\/?p=5489","title":{"rendered":"<u>Februar-Vortrag:<\/u><\/br>Das Ende der \u201eanderen deutschen Marine\u201c"},"content":{"rendered":"<p>Am Montag, den 03. Februar 2025 hielt <strong>Herr Fregattenkapit\u00e4n a.D. Hans-Heinrich Schneider<\/strong> im Hotel G\u00f6rres in Villip den o.a. Vortrag.<\/p>\n<p>Die Wiedervereinigung Deutschlands am 03.10.1990 war ein herausragendes Ereignis der j\u00fcngeren deutschen Geschichte. <\/p>\n<p>Der 9. November ist dabei offensichtlich ein besonderer Tag. V\u00f6llig unerwartet fiel am 09.November 1989 die Berliner Mauer als Teil der innerdeutschen Grenze. Das hatte weltpolitische Konsequenzen, die auch Europa v\u00f6llig ver\u00e4nderten. <\/p>\n<p>Diese Ereignisse von historischer Tragweite auf der h\u00f6chsten politischen Ebene werden heruntergebrochen auf die Ereignisse innerhalb der Volksmarine. (Seestreitkr\u00e4fte der NVA der DDR)<br \/>\nBeginnend mit Ver\u00e4nderungen, eingeleitet durch die Macht\u00fcbernahme Gorbatschows, zeigten sich auch Ver\u00e4nderungen innerhalb einzelner Bereiche der ostdeutschen Gesellschaft. <\/p>\n<p>Diese werden im Einzelnen mit ihren Wirkungen auf das Leben der betroffenen Marineangeh\u00f6rigen dargestellt. So stellten sich ihnen immer mehr Fragen, die nicht beantwortet wurden bzw. werden konnten. Das f\u00fchrte zu verschiedenen Konflikten. <\/p>\n<p>Eine vorl\u00e4ufige L\u00f6sung ergab sich erst am 9.11. 89 mit dem Mauerfall.<br \/>\nDanach gab es neue Herausforderungen f\u00fcr die ostdeutschen Marineangeh\u00f6rigen, die wesentlich durch die erste freie Volkskammerwahl am 18.3.1990 und den Einigungsvertrag sowie durch das 2+4 Abkommen beeinflusst wurden. <\/p>\n<p>Die Geschichte der Volksmarine endete mit der deutschen Wiedervereinigung am 3.10.1990.<\/p>\n<p>Bei Interesse an dieser Veranstaltung nutzen Sie bitte unser <img loading=\"lazy\" decoding=\"async\" src=\"https:\/\/mhak.de\/wp-content\/uploads\/link.gif\" alt=\"\" title=\"link\" width=\"11\" height=\"10\" \/> <a href=\"\"https:\/\/mhak.de\/?page_id=8\"\">Kontaktformular<\/a>.<\/p>\n","protected":false},"excerpt":{"rendered":"<p>Am Montag, den 03. Februar 2025 hielt Herr Fregattenkapit\u00e4n a.D. Hans-Heinrich Schneider im Hotel G\u00f6rres in Villip den o.a. Vortrag. Die Wiedervereinigung Deutschlands am 03.10.1990 war ein herausragendes Ereignis der j\u00fcngeren deutschen Geschichte. Der 9. November ist dabei offensichtlich ein besonderer Tag. V\u00f6llig unerwartet fiel am 09.November 1989 die Berliner Mauer als Teil der innerdeutschen [&hellip;]<\/p>\n","protected":false},"author":1,"featured_media":0,"comment_status":"open","ping_status":"closed","sticky":false,"template":"","format":"standard","meta":{"ngg_post_thumbnail":0,"_jetpack_newsletter_access":"","_jetpack_dont_email_post_to_subs":false,"_jetpack_newsletter_tier_id":0,"_jetpack_memberships_contains_paywalled_content":false,"_jetpack_memberships_contains_paid_content":false,"footnotes":""},"categories":[297],"tags":[50,298,299],"class_list":["post-5489","post","type-post","status-publish","format-standard","hentry","category-vortraege-2025","tag-marine","tag-volksmarine","tag-wiedervereinigung"],"jetpack_featured_media_url":"","jetpack_shortlink":"https:\/\/wp.me\/p1G9BX-1qx","jetpack_sharing_enabled":true,"publishpress_future_action":{"enabled":false,"date":"2026-05-10 12:14:05","action":"change-status","newStatus":"draft","terms":[],"taxonomy":"category","extraData":[]},"publishpress_future_workflow_manual_trigger":{"enabledWorkflows":[]},"_links":{"self":[{"href":"https:\/\/mhak.de\/index.php?rest_route=\/wp\/v2\/posts\/5489","targetHints":{"allow":["GET"]}}],"collection":[{"href":"https:\/\/mhak.de\/index.php?rest_route=\/wp\/v2\/posts"}],"about":[{"href":"https:\/\/mhak.de\/index.php?rest_route=\/wp\/v2\/types\/post"}],"author":[{"embeddable":true,"href":"https:\/\/mhak.de\/index.php?rest_route=\/wp\/v2\/users\/1"}],"replies":[{"embeddable":true,"href":"https:\/\/mhak.de\/index.php?rest_route=%2Fwp%2Fv2%2Fcomments&post=5489"}],"version-history":[{"count":0,"href":"https:\/\/mhak.de\/index.php?rest_route=\/wp\/v2\/posts\/5489\/revisions"}],"wp:attachment":[{"href":"https:\/\/mhak.de\/index.php?rest_route=%2Fwp%2Fv2%2Fmedia&parent=5489"}],"wp:term":[{"taxonomy":"category","embeddable":true,"href":"https:\/\/mhak.de\/index.php?rest_route=%2Fwp%2Fv2%2Fcategories&post=5489"},{"taxonomy":"post_tag","embeddable":true,"href":"https:\/\/mhak.de\/index.php?rest_route=%2Fwp%2Fv2%2Ftags&post=5489"}],"curies":[{"name":"wp","href":"https:\/\/api.w.org\/{rel}","templated":true}]}}