{"id":4972,"date":"2022-09-05T22:00:30","date_gmt":"2022-09-05T20:00:30","guid":{"rendered":"https:\/\/mhak.de\/?p=4972"},"modified":"2022-10-20T10:40:25","modified_gmt":"2022-10-20T08:40:25","slug":"september-vortrag-soldaten-hinter-stacheldraht-kriegsgefangenschaft-im-zweiten-weltkrieg","status":"publish","type":"post","link":"https:\/\/mhak.de\/?p=4972","title":{"rendered":"<u>September-Vortrag:<\/u><\/br> \u201eSoldaten hinter Stacheldraht\u201c <\/br>Kriegsgefangenschaft im Zweiten Weltkrieg"},"content":{"rendered":"<p>Am Montag, 05. September 2022 hielt <strong>Oberst a.D. Henning F\u00f6ls<\/strong> im Hotel G\u00f6rres in Villip den o.a. Vortrag.<\/p>\n<p>1. 35 Millionen Kriegsgefangene im Zweiten Weltkrieg haben die gro\u00dfe Diskrepanz zwischen den hohen Anspr\u00fcchen des Kriegsv\u00f6lkerrechts und einer bitteren Wirklichkeit erfahren m\u00fcssen. <\/p>\n<p>2. Ab dem 17. Jahrhundert wurde \u201eKriegsgefangenschaft\u201c zum Thema v\u00f6lkerrechtlicher \u00dcberlegungen. Der holl\u00e4ndische Protestant Grotius (1583-1645) pl\u00e4dierte f\u00fcr die Entwicklung eines verbindlichen Rechtsstatus f\u00fcr Kriegsgefangene. Der franz\u00f6sische Philosoph Montesquieu (1689-1755) vertrat die Ansicht, dass der Gewahrsamsstaat den Gefangenen zu sch\u00fctzen habe, und der Genfer Philosoph Rousseau (1712-1778) forderte, dass einem Kriegsgefangenen als Individuum bestimmte Rechte zust\u00fcnden. <\/p>\n<p>3. Seit der Haager Landkriegsordnung (1907) und der Genfer Konvention (1929) stellt \u201eKriegsgefangen\u201c einen v\u00f6lkerrechtlichen Status dar, der Gefangene sch\u00fctzen soll.  Der Personenkreis umfasst Kombattanten, aber auch \u00c4rzte, Sanit\u00e4ter und Geistliche. Alle kriegf\u00fchrenden Nationen waren im Zweiten Weltkrieg auf den Massenanfall von Kriegsgefangenen nicht ausreichend vorbereitet. Die hohe Sterblichkeit russischer Gefangener in deutschem Gewahrsam (57,5%) sowie deutscher Gefangener in russischem Gewahrsam (35,8%) war sowohl gravierenden Versorgungsm\u00e4ngeln als auch menschenverachtenden Ideologien geschuldet, die sich nicht an die Gebote des V\u00f6lkerrechts hielten. (Die Sterblichkeit deutscher Gefangener in britischem Gewahrsam betrug dagegen nur 0,03%).<\/p>\n<p>4. Der Vortrag beginnt mit einem R\u00fcckblick \u00fcber die Entwicklung des Kriegsgefangenenrechtes bis zur Haager Landkriegsordnung (1907) und zur Genfer  Konvention (1929). Nach einem \u00dcberblick \u00fcber die Organisation des deutschen Kriegsgefangenenwesens wird zun\u00e4chst das Schicksal alliierter Gefangener in deutschem Gewahrsam dargestellt. Danach wird das Schicksal deutscher Gefangener in alliiertem Gewahrsam betrachtet. Abschlie\u00dfend folgt ein kurzer Exkurs \u00fcber Kriegsgefangenschaft in japanischem Gewahrsam. <\/p>\n<p>5. Literaturempfehlung:<br \/>\nPaul Carell: \u201eDie Gefangenen &#8211; Leben und \u00dcberleben deutscher Soldaten hinter Stacheldraht\u201c.<br \/>\nR\u00fcdiger Overmanns:  \u201eIn der Hand der  Feinde \u2013 Kriegsgefangenschaft von der Antike bis zum Zweiten Weltkrieg\u201c und derselbe \u201eSoldaten hinter Stacheldraht \u2013 Deutsche Kriegsgefangene des Zweiten Weltkrieges\u201c.  <\/p>\n<hr>\n<p>Bei Interesse an dieser Veranstaltung nutzen Sie bitte unser <img loading=\"lazy\" decoding=\"async\" src=\"https:\/\/mhak.de\/wp-content\/uploads\/link.gif\" alt=\"\" title=\"link\" width=\"11\" height=\"10\" \/> <a href=\"https:\/\/mhak.de\/?page_id=8\">Kontaktformular<\/a>.<\/p>\n","protected":false},"excerpt":{"rendered":"<p>Am Montag, 05. September 2022 hielt Oberst a.D. Henning F\u00f6ls im Hotel G\u00f6rres in Villip den o.a. Vortrag. 1. 35 Millionen Kriegsgefangene im Zweiten Weltkrieg haben die gro\u00dfe Diskrepanz zwischen den hohen Anspr\u00fcchen des Kriegsv\u00f6lkerrechts und einer bitteren Wirklichkeit erfahren m\u00fcssen. 2. Ab dem 17. Jahrhundert wurde \u201eKriegsgefangenschaft\u201c zum Thema v\u00f6lkerrechtlicher \u00dcberlegungen. Der holl\u00e4ndische Protestant [&hellip;]<\/p>\n","protected":false},"author":1,"featured_media":0,"comment_status":"open","ping_status":"closed","sticky":false,"template":"","format":"standard","meta":{"ngg_post_thumbnail":0,"_jetpack_newsletter_access":"","_jetpack_dont_email_post_to_subs":false,"_jetpack_newsletter_tier_id":0,"_jetpack_memberships_contains_paywalled_content":false,"_jetpack_memberships_contains_paid_content":false,"footnotes":""},"categories":[237],"tags":[218,249],"class_list":["post-4972","post","type-post","status-publish","format-standard","hentry","category-vortraege-2022","tag-ii-weltkrieg","tag-kriegsgefangenschaft"],"jetpack_featured_media_url":"","jetpack_shortlink":"https:\/\/wp.me\/p1G9BX-1ic","jetpack_sharing_enabled":true,"publishpress_future_action":{"enabled":false,"date":"2026-05-03 10:25:37","action":"change-status","newStatus":"draft","terms":[],"taxonomy":"category","extraData":[]},"publishpress_future_workflow_manual_trigger":{"enabledWorkflows":[]},"_links":{"self":[{"href":"https:\/\/mhak.de\/index.php?rest_route=\/wp\/v2\/posts\/4972","targetHints":{"allow":["GET"]}}],"collection":[{"href":"https:\/\/mhak.de\/index.php?rest_route=\/wp\/v2\/posts"}],"about":[{"href":"https:\/\/mhak.de\/index.php?rest_route=\/wp\/v2\/types\/post"}],"author":[{"embeddable":true,"href":"https:\/\/mhak.de\/index.php?rest_route=\/wp\/v2\/users\/1"}],"replies":[{"embeddable":true,"href":"https:\/\/mhak.de\/index.php?rest_route=%2Fwp%2Fv2%2Fcomments&post=4972"}],"version-history":[{"count":0,"href":"https:\/\/mhak.de\/index.php?rest_route=\/wp\/v2\/posts\/4972\/revisions"}],"wp:attachment":[{"href":"https:\/\/mhak.de\/index.php?rest_route=%2Fwp%2Fv2%2Fmedia&parent=4972"}],"wp:term":[{"taxonomy":"category","embeddable":true,"href":"https:\/\/mhak.de\/index.php?rest_route=%2Fwp%2Fv2%2Fcategories&post=4972"},{"taxonomy":"post_tag","embeddable":true,"href":"https:\/\/mhak.de\/index.php?rest_route=%2Fwp%2Fv2%2Ftags&post=4972"}],"curies":[{"name":"wp","href":"https:\/\/api.w.org\/{rel}","templated":true}]}}