{"id":4753,"date":"2021-09-09T19:35:04","date_gmt":"2021-09-09T17:35:04","guid":{"rendered":"https:\/\/mhak.de\/?p=4753"},"modified":"2021-11-10T14:41:17","modified_gmt":"2021-11-10T12:41:17","slug":"allgemeines-zu-den-vortragsabenden-des-arbeitskreises","status":"publish","type":"post","link":"https:\/\/mhak.de\/?p=4753","title":{"rendered":"Allgemeines zu den Vortragsabenden des Arbeitskreises"},"content":{"rendered":"<p><strong>Corona Schutzma\u00dfnahmen:<\/strong><\/p>\n<p>Im Allgemeinen kann man an den Vortragsabenden des Milit\u00e4rhistorischen Arbeitskreises ohne Anmeldung teilnehmen. Das ist in Corona-Zeiten leider anders. Es sind Anmeldungen f\u00fcr die Teilnahme erforderlich! Die Termine dazu werden in den jeweiligen Rundschreiben ver\u00f6ffentlicht.<\/p>\n<p>In der Anmeldung muss best\u00e4tigt werden:<\/p>\n<p>\u2022\teine vollst\u00e4ndige Schutzimpfung, oder<br \/>\n\u2022\tdas negative Ergebnis eines Schnelltestes, nicht \u00e4lter als 48 Stunden, oder<br \/>\n\u2022\tdie Heilung nach einer Infektion.<\/p>\n<p>Die entsprechenden Nachweis-Dokumente sind am Vortragsabend mitzuf\u00fchren.<br \/>\nIhr Vorhandensein wird,\u00a0gem\u00e4\u00df verbindlicher Weisung in der &#8222;Corona-Schutzverordnung\u00a0 des Landes NRW&#8220;, stichprobenartig \u00fcberpr\u00fcft werden.<\/p>\n<p><!--more Bitte klicken Sie hier, um die weiteren Erl\u00e4uterungen zu lesen... --><\/p>\n<p>Die Corona-Schutzverordnung des Landes Nordrhein Westfalen schreibt dazu vor:<\/p>\n<p>(5) Die Nachweise einer Immunisierung oder Testung sind beim Zutritt zu in den Abs\u00e4tzen 1 bis 3 genannten Einrichtungen und Angeboten von den f\u00fcr diese Einrichtungen und Angebote verantwortlichen Personen oder ihren Beauftragten zu kontrollieren. Deshalb sind bei der Inanspruchnahme oder Aus\u00fcbung dieser Einrichtungen, Angebote und T\u00e4tigkeiten der jeweilige<br \/>\nImmunisierungs- oder Testnachweis beziehungsweise Sch\u00fclerausweis und ein amtliches Ausweispapier mitzuf\u00fchren und auf Verlangen den jeweils f\u00fcr die Kontrolle verantwortlichen Personen vorzuzeigen. Personen, die den Nachweis und bei stichprobenhaften \u00dcberpr\u00fcfungen den Identit\u00e4tsnachweis nicht vorzeigen, sind von der Nutzung oder Aus\u00fcbung der in den Abs\u00e4tzen<br \/>\n1 bis 3 genannten Angebote, Einrichtungen, Veranstaltungen und T\u00e4tigkeiten durch die f\u00fcr das Angebot, die Einrichtung oder Veranstaltung verantwortlichen Personen auszuschlie\u00dfen.<br \/>\nWenn eine Zugangskontrolle bei Veranstaltungen im Freien aufgrund des Veranstaltungscharakters nicht erfolgen kann, haben die f\u00fcr die Veranstaltung verantwortlichen Personen auf das Erfordernis eines Negativtestnachweises in Einladungen und durch Aush\u00e4nge hinzuweisen und nachweislich stichprobenartige \u00dcberpr\u00fcfungen durchzuf\u00fchren.<\/p>\n<p>Das bedeutet, dass der Leitende der Veranstaltung \u2013 in der Regel Brigadegeneral a.D. Joachim Behne \u2013 eine Kontrollpflicht und die Verantwortung f\u00fcr die Sicherheit der Veranstaltung hat. Diese Kontrollpflicht ist ohne die Anmeldung mit der Best\u00e4tigung der drei oben genannten Punkte nicht realistisch durchf\u00fchrbar. Sollte dieses System nicht funktionieren, m\u00fcssen wir die Veranstaltungsreihe bis auf weiteres aussetzen.<\/p>\n<p><center>Keine Mahlzeiten w\u00e4hrend der Vortr\u00e4ge!<\/center><\/p>\n<p>Aufgrund wiederkehrender Beschwerden m\u00f6chten wir darum bitten, w\u00e4hrend der Vortr\u00e4ge keine Mahlzeiten einzunehmen. Es empfiehlt sich, wenn man essen m\u00f6chte, entsprechend fr\u00fchzeitig zu kommen.<\/p>\n<p><center>Programm-Vorschau, Stand 7. September 2021<\/center><\/p>\n<p>Die Programmvorschau gem\u00e4\u00df Rundschreiben 4-2021 musste leicht ge\u00e4ndert werden. Die aktuelle Version sieht wie folgt aus:<\/p>\n<p>\u2022 6.12.2021<br \/>\nRegierungsdirektor a.D. Dr. Reinhard Stumpf:<br \/>\nDer Afrikafeldzug 1941-1943<\/p>\n<p>\u2022 10. Januar 2022<br \/>\nOberstleutnant a.D. Peter Willers:<br \/>\nDie Geschichte des Judentums von der R\u00f6merzeit bis zum Ende des II. Weltkrieges\u00a0<\/p>\n<p>\u2022 7. Februar 2022<br \/>\nOberstleutnant a.D. Hans Rudolf Bordemann:<br \/>\nDer deutsch-d\u00e4nische Krieg 1864<\/p>\n<p>Im weiteren Verlauf des Jahres:<br \/>\n\u2022 Oberst a.D. Konrad Menny: Entwicklung der Streitkr\u00e4fte Israels, 1917 &#8211; 1973.<br \/>\n\u2022 Kapit\u00e4n z.S. a.D. Uwe Dirks: Der Kriegseintritt der USA 1917<br \/>\n\u2022 Oberstleutnant a.D. Wolfram G\u00fcnter Heydel: Der Zug der Kimbern, Teutonen und Ambronen<br \/>\n\u2022 Oberst a.D. Hans-Wilhelm M\u00f6ser: Karl der Gro\u00dfe.<br \/>\n\u2022 Oberst a.D. Henning F\u00f6ls: Kriegsgefangenschaft im Zweiten Weltkrieg<\/p>\n","protected":false},"excerpt":{"rendered":"<p>Corona Schutzma\u00dfnahmen: Im Allgemeinen kann man an den Vortragsabenden des Milit\u00e4rhistorischen Arbeitskreises ohne Anmeldung teilnehmen. Das ist in Corona-Zeiten leider anders. Es sind Anmeldungen f\u00fcr die Teilnahme erforderlich! Die Termine dazu werden in den jeweiligen Rundschreiben ver\u00f6ffentlicht. In der Anmeldung muss best\u00e4tigt werden: \u2022 eine vollst\u00e4ndige Schutzimpfung, oder \u2022 das negative Ergebnis eines Schnelltestes, nicht [&hellip;]<\/p>\n","protected":false},"author":1,"featured_media":0,"comment_status":"open","ping_status":"closed","sticky":false,"template":"","format":"standard","meta":{"ngg_post_thumbnail":0,"_jetpack_newsletter_access":"","_jetpack_dont_email_post_to_subs":false,"_jetpack_newsletter_tier_id":0,"_jetpack_memberships_contains_paywalled_content":false,"_jetpack_memberships_contains_paid_content":false,"footnotes":""},"categories":[1],"tags":[],"class_list":["post-4753","post","type-post","status-publish","format-standard","hentry","category-allgemein"],"jetpack_featured_media_url":"","jetpack_shortlink":"https:\/\/wp.me\/p1G9BX-1eF","jetpack_sharing_enabled":true,"publishpress_future_action":{"enabled":false,"date":"2026-05-03 10:29:36","action":"change-status","newStatus":"draft","terms":[],"taxonomy":"category","extraData":[]},"publishpress_future_workflow_manual_trigger":{"enabledWorkflows":[]},"_links":{"self":[{"href":"https:\/\/mhak.de\/index.php?rest_route=\/wp\/v2\/posts\/4753","targetHints":{"allow":["GET"]}}],"collection":[{"href":"https:\/\/mhak.de\/index.php?rest_route=\/wp\/v2\/posts"}],"about":[{"href":"https:\/\/mhak.de\/index.php?rest_route=\/wp\/v2\/types\/post"}],"author":[{"embeddable":true,"href":"https:\/\/mhak.de\/index.php?rest_route=\/wp\/v2\/users\/1"}],"replies":[{"embeddable":true,"href":"https:\/\/mhak.de\/index.php?rest_route=%2Fwp%2Fv2%2Fcomments&post=4753"}],"version-history":[{"count":0,"href":"https:\/\/mhak.de\/index.php?rest_route=\/wp\/v2\/posts\/4753\/revisions"}],"wp:attachment":[{"href":"https:\/\/mhak.de\/index.php?rest_route=%2Fwp%2Fv2%2Fmedia&parent=4753"}],"wp:term":[{"taxonomy":"category","embeddable":true,"href":"https:\/\/mhak.de\/index.php?rest_route=%2Fwp%2Fv2%2Fcategories&post=4753"},{"taxonomy":"post_tag","embeddable":true,"href":"https:\/\/mhak.de\/index.php?rest_route=%2Fwp%2Fv2%2Ftags&post=4753"}],"curies":[{"name":"wp","href":"https:\/\/api.w.org\/{rel}","templated":true}]}}