{"id":3332,"date":"2017-01-12T10:06:46","date_gmt":"2017-01-12T08:06:46","guid":{"rendered":"http:\/\/mhak.de\/?p=3332"},"modified":"2018-02-07T13:59:03","modified_gmt":"2018-02-07T11:59:03","slug":"preussische-soldaten-in-der-festungsstadt-koeln","status":"publish","type":"post","link":"https:\/\/mhak.de\/?p=3332","title":{"rendered":"Preu\u00dfische Soldaten in der Festungsstadt K\u00f6ln"},"content":{"rendered":"<p>Am Montag, den 09.Januar 2017 hielt <strong>Herr Oberst a.D. Jens Rohde<\/strong> im Hotel G\u00f6rres in Villip den o.a. Vortrag. <\/p>\n<p>Nach der Herrschaft Napoleons wurde Europa mit dem Wiener Kongress neu geordnet. <\/p>\n<p>Das Rheinland wurde preu\u00dfische Provinz und K\u00f6ln zu einer &#8222;Festung ersten Grades&#8220;. Preu\u00dfische Uniformen bestimmten f\u00fcr das folgende Jahrhundert das Stadtbild der ehemals freien Reichsstadt.<\/p>\n<p>Ausgangspunkt ist ein Blick auf die 2000-j\u00e4hrige Milit\u00e4rgeschichte der Stadt mit ihren Festungsanlagen.<\/p>\n<p>Welchen Einfluss hatten Festung und Kasernen auf die Entwicklung der Stadt?<br \/>\nWie sahen die Kasernen aus und wie lebten darin die Soldaten?<br \/>\nGab es Verbindungen zwischen Milit\u00e4r und Karneval?<br \/>\nWie gestaltete sich das Verh\u00e4ltnis der Zivilbev\u00f6lkerung zu ihren Soldaten?<\/p>\n<p>Der Vortrag versucht Bekanntes und Unbekanntes neu einzuordnen und das Interesse an der milit\u00e4rischen Vergangenheit der Domstadt zu wecken. Viele der milit\u00e4rischen Bau- und Festungswerke ging mit der Besetzung des Rheinlandes und den Auflagen des Versailler Vertrages verloren. Doch gerade deswegen ist interessant zu suchen, was noch erhalten<br \/>\nist. <\/p>\n<p>Der Landschaftsverband Rheinland hat zur Erinnerung an die preu\u00dfische Zeit \u2013 &#8222;eine 200-j\u00e4hrige Beziehung mit Folgen&#8220; \u2013 vor zwei Jahren eine gro\u00dfe Zahl von Veranstaltungen durchgef\u00fchrt. Sie standen unter dem Motto: &#8222;Danke * Berlin&#8220;. Die Ambivalenz des Gedenkens wurde durch das Sternchen hinter dem Danke bewusst betont. War das immer ein &#8222;Dankesch\u00f6n&#8220; oder etwa auch ein &#8222;Nein, Danke&#8220;? <\/p>\n<p>Wir wollen gemeinsam untersuchen, wie das Urteil f\u00fcr das preu\u00dfische Milit\u00e4r in K\u00f6ln ausf\u00e4llt.<\/p>\n<hr>\n<p>Die Inhalte dieser Seite sind <strong>angemeldeten Mitgliedern<\/strong> vorbehalten.<\/p>\n","protected":false},"excerpt":{"rendered":"<p>Am Montag, den 09.Januar 2017 hielt Herr Oberst a.D. Jens Rohde im Hotel G\u00f6rres in Villip den o.a. Vortrag. Nach der Herrschaft Napoleons wurde Europa mit dem Wiener Kongress neu geordnet. Das Rheinland wurde preu\u00dfische Provinz und K\u00f6ln zu einer &#8222;Festung ersten Grades&#8220;. Preu\u00dfische Uniformen bestimmten f\u00fcr das folgende Jahrhundert das Stadtbild der ehemals freien [&hellip;]<\/p>\n","protected":false},"author":1,"featured_media":0,"comment_status":"open","ping_status":"closed","sticky":false,"template":"","format":"standard","meta":{"ngg_post_thumbnail":0,"_jetpack_newsletter_access":"","_jetpack_dont_email_post_to_subs":false,"_jetpack_newsletter_tier_id":0,"_jetpack_memberships_contains_paywalled_content":false,"_jetpack_memberships_contains_paid_content":false,"footnotes":""},"categories":[146],"tags":[148,147,149],"class_list":["post-3332","post","type-post","status-publish","format-standard","hentry","category-vortraege-2017","tag-festungsstadt-koeln","tag-preussische-soldaten","tag-rheinland"],"jetpack_featured_media_url":"","jetpack_shortlink":"https:\/\/wp.me\/p1G9BX-RK","jetpack_sharing_enabled":true,"publishpress_future_action":{"enabled":false,"date":"2026-05-06 09:58:26","action":"change-status","newStatus":"draft","terms":[],"taxonomy":"category","extraData":[]},"publishpress_future_workflow_manual_trigger":{"enabledWorkflows":[]},"_links":{"self":[{"href":"https:\/\/mhak.de\/index.php?rest_route=\/wp\/v2\/posts\/3332","targetHints":{"allow":["GET"]}}],"collection":[{"href":"https:\/\/mhak.de\/index.php?rest_route=\/wp\/v2\/posts"}],"about":[{"href":"https:\/\/mhak.de\/index.php?rest_route=\/wp\/v2\/types\/post"}],"author":[{"embeddable":true,"href":"https:\/\/mhak.de\/index.php?rest_route=\/wp\/v2\/users\/1"}],"replies":[{"embeddable":true,"href":"https:\/\/mhak.de\/index.php?rest_route=%2Fwp%2Fv2%2Fcomments&post=3332"}],"version-history":[{"count":0,"href":"https:\/\/mhak.de\/index.php?rest_route=\/wp\/v2\/posts\/3332\/revisions"}],"wp:attachment":[{"href":"https:\/\/mhak.de\/index.php?rest_route=%2Fwp%2Fv2%2Fmedia&parent=3332"}],"wp:term":[{"taxonomy":"category","embeddable":true,"href":"https:\/\/mhak.de\/index.php?rest_route=%2Fwp%2Fv2%2Fcategories&post=3332"},{"taxonomy":"post_tag","embeddable":true,"href":"https:\/\/mhak.de\/index.php?rest_route=%2Fwp%2Fv2%2Ftags&post=3332"}],"curies":[{"name":"wp","href":"https:\/\/api.w.org\/{rel}","templated":true}]}}