{"id":290,"date":"2010-01-25T16:35:45","date_gmt":"2010-01-25T15:35:45","guid":{"rendered":"http:\/\/mhak.de\/?p=290"},"modified":"2010-02-16T10:00:59","modified_gmt":"2010-02-16T09:00:59","slug":"marcus-caelius-%e2%80%93-tod-in-der-varusschlacht-20-januar-im-rheinischen-landesmuseum","status":"publish","type":"post","link":"https:\/\/mhak.de\/?p=290","title":{"rendered":"MARCUS CAELIUS \u2013 Tod in der Varusschlacht <br>Ausstellung im Rheinischen Landesmuseum"},"content":{"rendered":"<p>Am 20.Januar stand der Besuch der Ausstellung<\/p>\n<p><center><strong>MARCUS CAELIUS \u2013 Tod in der Varusschlacht<\/strong><\/center> <\/p>\n<p>im Rheinischen Landesmuseum in Bonn f\u00fcr die Angeh\u00f6rigen des MHAK auf dem Programm.<\/p>\n<p><!--more  ...lesen Sie hier weiter --> <\/p>\n<p>Die Schlacht im &#8222;Teutoburger Wald&#8220; und der Untergang von drei r\u00f6mischen Legionen unter dem Kommando des Feldherrn Varus stellt nicht nur den Wendepunkt der r\u00f6mischen Eroberungspolitik in Germanien dar. Wie kaum ein anderes Ereignis in der mitteleurop\u00e4ischen Geschichte befl\u00fcgelt die &#8222;Varusschlacht&#8220; die Phantasie der \u00d6ffentlichkeit bis heute.<\/p>\n<p>Im Mittelpunkt der Ausstellung stehen die eigentliche Varusschlacht und der Grabstein des r\u00f6mischen Hauptmanns Marcus Caelius. Dieser Stein wurde \u00fcber einem Scheingrab im heutigen Xanten errichtet. Er ist das bisher einzige inschriftliche und bildliche Zeugnis f\u00fcr jemanden, der im &#8222;Bello Variano&#8220;, dem Krieg des Varus, gefallen ist. Es ist jedoch nicht dieser Zeugniswert allein, der seine Bedeutung ausmacht. In der Inschrift und der Darstellung des Caelius stecken eine F\u00fclle von Informationen. Sie erm\u00f6glichen in idealer Weise, zahlreiche Aspekte der r\u00f6mischen Kultur, Kunst und Politik zur Zeit des Kaisers Augustus anzusprechen.<\/p>\n<p>Laut Inschrift stammte Marcus Caelius aus Bologna. Er war Centurio, also Hauptmann ersten Ranges, in der 18. Legion und fiel in der Varusschlacht mit 53 1\/2 Jahren. Sein Bruder Publius lie\u00df f\u00fcr ihn und zwei seiner Freigelassenen den Grabstein errichten.<br \/>\nWie sah das antike Leben in Bologna aus, als Caelius dort aufwuchs? Was verraten uns die vielen Ehrenabzeichen des Caelius \u00fcber seinen Werdegang im r\u00f6mischen Milit\u00e4r? Was bedeutete der Stand der Centurionen in der Armee? Welche Aufgaben hatten sie zu erf\u00fcllen und welche Privilegien genossen sie?<\/p>\n<p>Diese und viele andere Fragen sollen, angeregt durch den gut erhaltenen Grabstein, mit Hilfe vieler Originalobjekte wie Zeugnissen der Lebensart in Bologna, ferner Waffen und Orden, Grabsteinen und Gegenst\u00e4nden des t\u00e4glichen Gebrauchs beantwortet werden. Die Zeit in der Marcus Caelius lebte, wird so wieder zum Leben erweckt.<\/p>\n<p>In bew\u00e4hrter Tradition des LVR-LandesMuseums wurde die Ausstellung durch ein zus\u00e4tzliches Angebot f\u00fcr Kinder und Familien erweitert. Ein Zug von 15.000 Zinnsoldaten f\u00fchrt die kleinen und gro\u00dfen Besucherinnen und Besucher von der Sonderausstellung quer durch das ganze Haus hin zum Original des Caeliussteins. Unterwegs lassen zahlreiche Dioramen unterschiedliche Szenen r\u00f6mischen Lebens am Rhein lebendig werden. In Zusammenarbeit mit der Deutschen Gesellschaft der Freunde und Sammler historischer Zinnfiguren KLIO.<\/p>\n","protected":false},"excerpt":{"rendered":"<p>Am 20.Januar stand der Besuch der Ausstellung MARCUS CAELIUS \u2013 Tod in der Varusschlacht im Rheinischen Landesmuseum in Bonn f\u00fcr die Angeh\u00f6rigen des MHAK auf dem Programm.<\/p>\n","protected":false},"author":1,"featured_media":0,"comment_status":"closed","ping_status":"closed","sticky":false,"template":"","format":"standard","meta":{"ngg_post_thumbnail":0,"_jetpack_newsletter_access":"","_jetpack_dont_email_post_to_subs":false,"_jetpack_newsletter_tier_id":0,"_jetpack_memberships_contains_paywalled_content":false,"_jetpack_memberships_contains_paid_content":false,"footnotes":""},"categories":[18],"tags":[],"class_list":["post-290","post","type-post","status-publish","format-standard","hentry","category-exkursionen-2010"],"jetpack_featured_media_url":"","jetpack_shortlink":"https:\/\/wp.me\/p1G9BX-4G","jetpack_sharing_enabled":true,"publishpress_future_action":{"enabled":false,"date":"2026-05-10 13:49:54","action":"change-status","newStatus":"draft","terms":[],"taxonomy":"category","extraData":[]},"publishpress_future_workflow_manual_trigger":{"enabledWorkflows":[]},"_links":{"self":[{"href":"https:\/\/mhak.de\/index.php?rest_route=\/wp\/v2\/posts\/290","targetHints":{"allow":["GET"]}}],"collection":[{"href":"https:\/\/mhak.de\/index.php?rest_route=\/wp\/v2\/posts"}],"about":[{"href":"https:\/\/mhak.de\/index.php?rest_route=\/wp\/v2\/types\/post"}],"author":[{"embeddable":true,"href":"https:\/\/mhak.de\/index.php?rest_route=\/wp\/v2\/users\/1"}],"replies":[{"embeddable":true,"href":"https:\/\/mhak.de\/index.php?rest_route=%2Fwp%2Fv2%2Fcomments&post=290"}],"version-history":[{"count":0,"href":"https:\/\/mhak.de\/index.php?rest_route=\/wp\/v2\/posts\/290\/revisions"}],"wp:attachment":[{"href":"https:\/\/mhak.de\/index.php?rest_route=%2Fwp%2Fv2%2Fmedia&parent=290"}],"wp:term":[{"taxonomy":"category","embeddable":true,"href":"https:\/\/mhak.de\/index.php?rest_route=%2Fwp%2Fv2%2Fcategories&post=290"},{"taxonomy":"post_tag","embeddable":true,"href":"https:\/\/mhak.de\/index.php?rest_route=%2Fwp%2Fv2%2Ftags&post=290"}],"curies":[{"name":"wp","href":"https:\/\/api.w.org\/{rel}","templated":true}]}}